{"id":405,"date":"2011-12-13T19:25:22","date_gmt":"2011-12-13T18:25:22","guid":{"rendered":"http:\/\/leventicinqueundici.noblogs.org\/?p=405"},"modified":"2011-12-13T21:23:46","modified_gmt":"2011-12-13T20:23:46","slug":"da-una-sponda-allaltra-vite-che-contano","status":"publish","type":"post","link":"https:\/\/leventicinqueundici.noblogs.org\/?p=405","title":{"rendered":"Da una sponda all&#8217;altra: vite che contano"},"content":{"rendered":"<p style=\"text-align: left\"><a href=\"https:\/\/leventicinqueundici.noblogs.org\/files\/2011\/12\/proposta-per-immagine-blog1.png\"><img loading=\"lazy\" decoding=\"async\" class=\"aligncenter size-full wp-image-416\" src=\"https:\/\/leventicinqueundici.noblogs.org\/files\/2011\/12\/proposta-per-immagine-blog1.png\" alt=\"\" width=\"259\" height=\"270\" srcset=\"https:\/\/leventicinqueundici.noblogs.org\/files\/2011\/12\/proposta-per-immagine-blog1.png 500w, https:\/\/leventicinqueundici.noblogs.org\/files\/2011\/12\/proposta-per-immagine-blog1-288x300.png 288w\" sizes=\"auto, (max-width: 259px) 100vw, 259px\" \/><\/a>In questi giorni circola un appello dei familiari dei migranti tunisini dispersi. Come sapete, subito dopo la rivoluzione molti giovani sono partiti verso l&#8217;Europa rivendicando la loro libert\u00e0 di movimento. Di circa 500 di loro non ci sono pi\u00f9 notizie.<\/p>\n<p>Le famiglie dei migranti dispersi, dopo essere state ignorate dalle istituzioni tunisine, italiane ed europee, si sono organizzate attorno a questo appello per pretendere che le impronte, che servono per schedare le persone e ostacolarne la libert\u00e0 di movimento, vengano utilizzate in questo caso per sapere se e dove siano arrivati i loro figli.<\/p>\n<p>Come gruppo di donne, Le2511, abbiamo assunto questo appello perch\u00e9 pensiamo sia un atto politico fare pi\u00f9 rumore possibile per far tacere il silenzio del mare denunciando la colpa delle politiche di governo delle migrazioni, e perch\u00e9 vogliamo rendere visibile che in Africa e in Europa ci sono donne e uomini che reagiscono al dolore chiedendo con forza che nessuno possa scomparire cos\u00ec, in mare come nei centri di identificazione ed espulsione e nelle prigioni.<\/p>\n<p>Mentre le famiglie in Tunisia si mobilitano affinch\u00e9 il Ministero degli Esteri tunisino chieda al Ministero degli Interni italiano una verifica sulle impronte, noi, insieme ad alcune donne tunisine, qui in Italia ci stiamo mobilitando affinch\u00e9 il Ministero degli Interni raccolga questa richiesta rendendo pubblica la procedura di verifica di cui vogliamo controllare gli esiti.<\/p>\n<p>A Parma a Milano a Tunisi lo striscione *Da una sponda all&#8217;altra: vite che contano* e (in arabo) *Dove sono i nostri figli?* verr\u00e0 esposto *sabato 17 dicembre*, nell&#8217;anniversario della morte di Mohamed Bouazizi che ha dato inizio alla rivoluzione tunisina, e in occasione della Giornata di azione globale contro il razzismo e per i diritti dei migranti. Nel pomeriggio di sabato noi saremo a Milano all&#8217;arrivo della manifestazione alla stazione centrale, e raccoglieremo le firme per l&#8217;appello.<\/p>\n<p>Per il prossimo gennaio ci sar\u00e0 una giornata di informazione pubblica a Milano in preparazione dell&#8217;iniziativa che stiamo organizzando per il 14 gennaio 2012, anniversario della rivoluzione, insieme alle donne tunisine.<\/p>\n<p>Vi chiediamo di firmare l&#8217;appello che trovate qui sotto e di contattarci<br \/>\nse volete condividere questo percorso (<strong><a href=\"mailto:venticinquenovembre@gmail.com\"> venticinquenovembre@gmail.com<\/a><\/strong>)<br \/>\nIl desiderio dei familiari dei migranti tunisini dispersi per la vita dei loro figli \u00e8 talmente radicale da superare confini e barriere e giungere sino a noi che non possiamo restarne indifferenti perch\u00e9 con s\u00e9 porta il desiderio di libert\u00e0 che quegli uomini e donne hanno agito nell&#8217;attraversamento dello spazio.<\/p>\n<p>Le2511<\/p>\n<p>Per maggiori informazioni visita <a href=\"https:\/\/leventicinqueundici.noblogs.org\/?page_id=354\" target=\"_blank\">la pagina dedicata nel nostro blog<\/a><\/p>\n","protected":false},"excerpt":{"rendered":"<p>In questi giorni circola un appello dei familiari dei migranti tunisini dispersi. Come sapete, subito dopo la rivoluzione molti giovani sono partiti verso l&#8217;Europa rivendicando la loro libert\u00e0 di movimento. Di circa 500 di loro non ci sono pi\u00f9 notizie. &hellip; <a href=\"https:\/\/leventicinqueundici.noblogs.org\/?p=405\">Continua a leggere<span class=\"meta-nav\">&rarr;<\/span><\/a><\/p>\n","protected":false},"author":2431,"featured_media":0,"comment_status":"open","ping_status":"open","sticky":false,"template":"","format":"standard","meta":{"footnotes":""},"categories":[31,21,7],"tags":[],"class_list":["post-405","post","type-post","status-publish","format-standard","hentry","category-comunicati","category-femminismi","category-migrazioni"],"_links":{"self":[{"href":"https:\/\/leventicinqueundici.noblogs.org\/index.php?rest_route=\/wp\/v2\/posts\/405","targetHints":{"allow":["GET"]}}],"collection":[{"href":"https:\/\/leventicinqueundici.noblogs.org\/index.php?rest_route=\/wp\/v2\/posts"}],"about":[{"href":"https:\/\/leventicinqueundici.noblogs.org\/index.php?rest_route=\/wp\/v2\/types\/post"}],"author":[{"embeddable":true,"href":"https:\/\/leventicinqueundici.noblogs.org\/index.php?rest_route=\/wp\/v2\/users\/2431"}],"replies":[{"embeddable":true,"href":"https:\/\/leventicinqueundici.noblogs.org\/index.php?rest_route=%2Fwp%2Fv2%2Fcomments&post=405"}],"version-history":[{"count":9,"href":"https:\/\/leventicinqueundici.noblogs.org\/index.php?rest_route=\/wp\/v2\/posts\/405\/revisions"}],"predecessor-version":[{"id":428,"href":"https:\/\/leventicinqueundici.noblogs.org\/index.php?rest_route=\/wp\/v2\/posts\/405\/revisions\/428"}],"wp:attachment":[{"href":"https:\/\/leventicinqueundici.noblogs.org\/index.php?rest_route=%2Fwp%2Fv2%2Fmedia&parent=405"}],"wp:term":[{"taxonomy":"category","embeddable":true,"href":"https:\/\/leventicinqueundici.noblogs.org\/index.php?rest_route=%2Fwp%2Fv2%2Fcategories&post=405"},{"taxonomy":"post_tag","embeddable":true,"href":"https:\/\/leventicinqueundici.noblogs.org\/index.php?rest_route=%2Fwp%2Fv2%2Ftags&post=405"}],"curies":[{"name":"wp","href":"https:\/\/api.w.org\/{rel}","templated":true}]}}