{"id":1562,"date":"2013-10-01T11:09:36","date_gmt":"2013-10-01T09:09:36","guid":{"rendered":"http:\/\/leventicinqueundici.noblogs.org\/?p=1562"},"modified":"2013-10-01T12:20:08","modified_gmt":"2013-10-01T10:20:08","slug":"il-carcere-per-la-produzione-artistica-in-tunisia","status":"publish","type":"post","link":"https:\/\/leventicinqueundici.noblogs.org\/?p=1562","title":{"rendered":"Il carcere per la produzione artistica in Tunisia"},"content":{"rendered":"<p><a href=\"https:\/\/leventicinqueundici.noblogs.org\/files\/2013\/10\/rev.jpg\"><img loading=\"lazy\" decoding=\"async\" class=\"aligncenter size-full wp-image-1609\" alt=\"rev\" src=\"https:\/\/leventicinqueundici.noblogs.org\/files\/2013\/10\/rev.jpg\" width=\"938\" height=\"611\" srcset=\"https:\/\/leventicinqueundici.noblogs.org\/files\/2013\/10\/rev.jpg 938w, https:\/\/leventicinqueundici.noblogs.org\/files\/2013\/10\/rev-300x195.jpg 300w\" sizes=\"auto, (max-width: 938px) 100vw, 938px\" \/><\/a><\/p>\n<p><em>Comunicato delle attiviste e degli attivisti tunisini sugli arresti del 21 settembre<\/em><\/p>\n<p><span style=\"color: #333333\"><span style=\"font-family: Times New Roman,serif\"><span style=\"font-size: medium\">Nella notte tra venerd\u00ec e sabato 21 settembre 2013, verso le 4, Nejib Abidi, Yahya Dridi, Abdallah Yahya, Slim Abida, Mahmoud Ayed, Skander Ben Abid, insieme a due amiche artiste e studenti attiviste, sono stati arrestati a casa di Nejib Abidi, nel quartiere Lafayette a Tunisi. <\/span><\/span><\/span><\/p>\n<p><span style=\"font-family: Times New Roman,serif\"><span style=\"font-size: medium\"><span style=\"color: #333333\">Non siamo ancora riusciti ad avere molte informazioni: sappiano che prima sono stati portati al commissariato di Bab Bhar a Tunisi, dove sono rimasti per circa dodici ore e dove sono stati visti per l&#8217;ultima volta da un&#8217;amica. Ad ora, ignoriamo totalmente il luogo dove sono stati condotti e il loro stato di salute. Non \u00e8 stata fornita alcuna ragione ufficiale che giustifichi il loro arresto e la loro detenzione.<!--more--><\/span><\/span><\/span><\/p>\n<p><span style=\"font-family: Times New Roman,serif\"><span style=\"font-size: medium\"><span style=\"color: #333333\">NEJIB ABIDI, 29 anni, \u00e8 cineasta e presidente di AssoChaabi, e gi\u00e0 sindacalista all&#8217;UGET (unione generale studenti tunisini). E&#8217; conosciuto per le sue posizioni giudicate radicali verso il governo di Ben Ali e quelli che gli sono succeduti dopo il 14 gennaio 2011. Il giorno prima del suo arresto, uno dei due hard disk, contenente i rushs del suo documentario in preparazione, \u00e8 stato rubato in casa, e i dati dell&#8217;altro sono stati definitivamente cancellati, dopo una formattazione. Nejib \u00e8 apparso in pubblico per l&#8217;ultima volta durante le manifestazioni di sostegno a Jabeur Mejri e a Nassredine Shili. Quest&#8217;ultimo \u00e8 il produttore del suo film.<\/span><\/span><\/span><\/p>\n<p><span style=\"font-family: Times New Roman,serif\"><span style=\"font-size: medium\"><span style=\"color: #333333\">YAHYA DRIDI, 26 anni, \u00e8 ingegnere del suono e segretario generale di AssoChaabi. Lavora con Nejib da diverso tempo. Sono stati in Italia insieme per le riprese del film sui tunisini scomparsi nel 2011. Attento alle cause di giustizia sociale, Yahya si \u00e8 occupato prioritariamente di film impegnati. Abita tra la Tunisia e la Franca dove svolge le sue attivit\u00e0 artistiche.<\/span><\/span><\/span><\/p>\n<p><span style=\"font-family: Times New Roman,serif\"><span style=\"font-size: medium\"><span style=\"color: #333333\">ABDALLAH YAHYA, 34 anni, \u00e8 regista. Il suo documentario \u00ab Nous sommes ici \u00bb, uscito l&#8217;anno scorso, mette in luce la quotidianit\u00e0 degli abitanti di Jebel Jloud, quartiere situato a qualche km dalla capitale dove sono concentrate disoccupazione, miseria economica e difficolt\u00e0 sociali. Anche il suo prossimo film \u00abLe Retour\u00bb, in fase di realizzazione finale, \u00e8 stato prodotto da Nassredine Shili.<\/span><\/span><\/span><\/p>\n<p><span style=\"font-family: Times New Roman,serif\"><span style=\"font-size: medium\"><span style=\"color: #333333\">SLIM ABIDA, 33 anni, \u00e8 musicista, bassista, fondatore del gruppo Jazz Oil. Vive tra Tunisi e Parigi. Presente sulla scena musicale contestatrice da pi\u00f9 di 10 anni, lavora con Nejib, Yahia e Mahmoud sulle tracce sonore del loro film.<\/span><\/span><\/span><\/p>\n<p><span style=\"font-family: Times New Roman,serif\"><span style=\"font-size: medium\"><span style=\"color: #333333\">MAHMOUD AYAD, 29 anni, \u00e8 pianista. Ha lavorato con numerose personalit\u00e0 della scena alternativa e contestatrice in Tunisia..<\/span><\/span><\/span><\/p>\n<p><span style=\"font-family: Times New Roman,serif\"><span style=\"font-size: medium\"><span style=\"color: #333333\">SKANDER BEN ABID, 20 anni, \u00e8 clarinettista e studente all\u2019ISEC, come le due amiche studenti, artiste e attiviste.<\/span><\/span><\/span><\/p>\n<p><span style=\"color: #333333\"><span style=\"font-family: Times New Roman,serif\"><span style=\"font-size: medium\">L&#8217;arresto \u00e8 avvenuto mentre erano insieme per lavorare sulla musica del film di Nejib. Questo arresto prova ancora una volta che il sistema securitario e repressivo del governo e della polizia \u00e8 sempre in piedi.<\/span><\/span><\/span><\/p>\n<p><span style=\"color: #333333\"><span style=\"font-family: Times New Roman,serif\"><span style=\"font-size: medium\">L&#8217;attuale governo, che deve la sua nascita a tutti questi giovani e meno giovani che hanno superato le propria paura e deposto il dittatore durante la Rivoluzione, non ha nessuna riconoscenza verso il popolo tunisino e la sua giovent\u00f9 attiva. Spoglia la nostra Rivoluzione e viola i nostri diritti. <\/span><\/span><\/span><\/p>\n<p><span style=\"color: #333333\"><span style=\"font-family: Times New Roman,serif\"><span style=\"font-size: medium\">I nostri amici si battono ogni giorno per la libert\u00e0 e la giustizia. Attraverso una scelta di vita che mira a far avanzare la nostra societ\u00e0, mostrano una sincera preoccupazione e attenzione nei confronti degli altri e soprattutto dei loro concittadini, disprezzati dal sistema. <\/span><\/span><\/span><\/p>\n<p><span style=\"font-family: Times New Roman,serif\"><span style=\"font-size: medium\"><span style=\"color: #333333\">Il loro arresto si inscrive nella scia di quelli di Jabeur Mejri, Ghazi Beji, Weld El 15, Klay BBJ, Nessreddine Shili, arresti che mirano a pugnalare la Libert\u00e0 d&#8217;Espressione e la Libert\u00e0 di Coscienza.Queste libert\u00e0 fondamentali sembravano acquisite dopo il 14 gennaio. Alcuni deputati ne avevano anche garantito l&#8217;iscrizione nella Costituzione e il governo si vantava di avere instaurato uno Stato di Diritto.Siamo sconvolti nel vedere tutta questa ingiustizia che colpisce i giovani tunisini rivoluzionari, quando, al tempo stesso, membri del RDC vengono rilasciati, criminali escono dai tribunali con remissione di pena e la condizionale, e soprattutto non si sa ancora chi ha ucciso Chokri Belaid e Mohamed Brahmi. Con questo comunicato, rivendichiamo a gran voce:<\/span><\/span><\/span><\/p>\n<ul>\n<li><span style=\"font-family: Times New Roman,serif\"><span style=\"font-size: medium\"><span style=\"color: #333333\">LA LIBERAZIONE IMMEDIATA E SENZA CONDIZIONI DI NEJIB, YAHYIA, ABDELLAH,SLIM, YAHYA, MAHMOUD, SKANDER, AYA, AMAL, NASSREDDINE, JABEUR, WELD EL 15, KLAYBBJ E DI TUTTI QUELLI CHE SUBISCONO LA REPRESSIONE, CONTRO LA LIBERTA&#8217; DI ESPRESSIONE E DI COSCIENZA<\/span><\/span><\/span><\/li>\n<li><span style=\"font-family: Times New Roman,serif\"><span style=\"font-size: medium\"><span style=\"color: #333333\">LA FINE DELLE PERSECUZIONI NEI CONFRONTI DEI GIOVANI E IN PARTICOLARE DI COLORO CHE CONTINUANO A LOTTARE PER REALIZZARE GLI OBIETTIVI DELLA RIVOLUZIONE<\/span><\/span><\/span><\/li>\n<li><span style=\"font-family: Times New Roman,serif\"><span style=\"font-size: medium\"><span style=\"color: #333333\">LO SMANTELLAMENTO DELL&#8217;APPARATO REPRESSIVO E LIBERTICIDA, EREDITA&#8217; DEL REGIME BENALISTA CHE POGGIA SULLA COLLABORAZIONE TRA LA POLIZIA E LA GIUSTIZIA<\/span><\/span><\/span><\/li>\n<\/ul>\n","protected":false},"excerpt":{"rendered":"<p>Comunicato delle attiviste e degli attivisti tunisini sugli arresti del 21 settembre Nella notte tra venerd\u00ec e sabato 21 settembre 2013, verso le 4, Nejib Abidi, Yahya Dridi, Abdallah Yahya, Slim Abida, Mahmoud Ayed, Skander Ben Abid, insieme a due &hellip; <a href=\"https:\/\/leventicinqueundici.noblogs.org\/?p=1562\">Continua a leggere<span class=\"meta-nav\">&rarr;<\/span><\/a><\/p>\n","protected":false},"author":2431,"featured_media":0,"comment_status":"open","ping_status":"open","sticky":false,"template":"","format":"standard","meta":{"footnotes":""},"categories":[1],"tags":[53,56,54,55,52],"class_list":["post-1562","post","type-post","status-publish","format-standard","hentry","category-general","tag-arresti","tag-artisti","tag-repressione","tag-rivoluzione","tag-tunisia"],"_links":{"self":[{"href":"https:\/\/leventicinqueundici.noblogs.org\/index.php?rest_route=\/wp\/v2\/posts\/1562","targetHints":{"allow":["GET"]}}],"collection":[{"href":"https:\/\/leventicinqueundici.noblogs.org\/index.php?rest_route=\/wp\/v2\/posts"}],"about":[{"href":"https:\/\/leventicinqueundici.noblogs.org\/index.php?rest_route=\/wp\/v2\/types\/post"}],"author":[{"embeddable":true,"href":"https:\/\/leventicinqueundici.noblogs.org\/index.php?rest_route=\/wp\/v2\/users\/2431"}],"replies":[{"embeddable":true,"href":"https:\/\/leventicinqueundici.noblogs.org\/index.php?rest_route=%2Fwp%2Fv2%2Fcomments&post=1562"}],"version-history":[{"count":5,"href":"https:\/\/leventicinqueundici.noblogs.org\/index.php?rest_route=\/wp\/v2\/posts\/1562\/revisions"}],"predecessor-version":[{"id":1611,"href":"https:\/\/leventicinqueundici.noblogs.org\/index.php?rest_route=\/wp\/v2\/posts\/1562\/revisions\/1611"}],"wp:attachment":[{"href":"https:\/\/leventicinqueundici.noblogs.org\/index.php?rest_route=%2Fwp%2Fv2%2Fmedia&parent=1562"}],"wp:term":[{"taxonomy":"category","embeddable":true,"href":"https:\/\/leventicinqueundici.noblogs.org\/index.php?rest_route=%2Fwp%2Fv2%2Fcategories&post=1562"},{"taxonomy":"post_tag","embeddable":true,"href":"https:\/\/leventicinqueundici.noblogs.org\/index.php?rest_route=%2Fwp%2Fv2%2Ftags&post=1562"}],"curies":[{"name":"wp","href":"https:\/\/api.w.org\/{rel}","templated":true}]}}